{"id":8261,"date":"2025-11-11T14:06:31","date_gmt":"2025-11-11T14:06:31","guid":{"rendered":"https:\/\/veact.com\/?post_type=blog-magazine&#038;p=8261"},"modified":"2025-12-02T08:11:25","modified_gmt":"2025-12-02T08:11:25","slug":"autohaus-ki-convention-2025-mit-veact","status":"publish","type":"blog-magazine","link":"https:\/\/veact.com\/de\/blog-magazin\/autohaus-ki-convention-2025-mit-veact\/","title":{"rendered":"AUTOHAUS KI Convention 2025"},"content":{"rendered":"<!--Start Small Stage -->\n\t\t<section class=\"snk-stage snk-stage_small snk-section snk-bg_1\">\n\t\t\t<div class=\"container\">\n\t\t\t\t<div class=\"row\">\n\t\t\t\t\t<div class=\"col-12\">\n\t\t\t\t\t\t<div class=\"snk-stage-copy\">\n\t\t\t\t\t\t\t\t\t\t\t\t\t\t\t<h1>AUTOHAUS KI Convention 2025<\/h1>\n\t\t\t\t\t\t\t\n\t\t\t\t\t\t\t\t\t\t\t\t\t\t\t<p class=\"snk-text_sm\">4. November 2025 \u00b7 Mainz<\/p>\n\t\t\t\t\t\t\t\n\t\t\t\t\t\t\t\t\t\t\t\t\t<\/div>\n\t\t\t\t\t<\/div>\n\t\t\t\t\t\n\t\t\t\t<\/div>\n\t\t\t<\/div>\n\t\t<\/section>\n\t\t\n\n\n<section class=\"snk-section snk-section_slim\">\n\t<div class=\"container\">\n\t\t<div class=\"snk-media snk-media_image\">\n\n\t\t\t\t\t\t\t<img decoding=\"async\" data-src=\"https:\/\/veact.com\/wp-content\/uploads\/2025\/07\/Plattform-digitale-loesung_text-media_620x704px.png\" alt=\"\" title=\"Plattform-digitale-loesung_text-media_620x704px\" src=\"data:image\/svg+xml;base64,PHN2ZyB3aWR0aD0iMSIgaGVpZ2h0PSIxIiB4bWxucz0iaHR0cDovL3d3dy53My5vcmcvMjAwMC9zdmciPjwvc3ZnPg==\" class=\"lazyload\" style=\"--smush-placeholder-width: 620px; --smush-placeholder-aspect-ratio: 620\/704;\" \/>\n\t\t\t\t\t\t\t<\/div>\n\n\t\t\n\t<\/div>\n<\/section>\n\t\n\n\n\n\t<section class=\"snk-section\">\n\t\t<div class=\"container\">\n\t\t\t<div class=\"snk-textBlock\" style=\"max-width: 100%;\">\n\n\t\t\t\t\t\t\t\t<div id=\"ez-toc-container\" class=\"ez-toc-v2_0_82_2 counter-hierarchy ez-toc-counter ez-toc-custom ez-toc-container-direction\">\n<div class=\"ez-toc-title-container\">\n<span class=\"ez-toc-title-toggle\"><\/span><\/div>\n<nav><ul class='ez-toc-list ez-toc-list-level-1 ' ><li class='ez-toc-page-1 ez-toc-heading-level-2'><a class=\"ez-toc-link ez-toc-heading-1\" href=\"https:\/\/veact.com\/de\/blog-magazin\/autohaus-ki-convention-2025-mit-veact\/#Vielen_Dank\" >Vielen Dank!<\/a><\/li><li class='ez-toc-page-1 ez-toc-heading-level-2'><a class=\"ez-toc-link ez-toc-heading-2\" href=\"https:\/\/veact.com\/de\/blog-magazin\/autohaus-ki-convention-2025-mit-veact\/#Vergangene_Events\" >Vergangene Events<\/a><ul class='ez-toc-list-level-3' ><li class='ez-toc-heading-level-3'><a class=\"ez-toc-link ez-toc-heading-3\" href=\"https:\/\/veact.com\/de\/blog-magazin\/autohaus-ki-convention-2025-mit-veact\/#IAA_Mobility_2025\" >IAA Mobility 2025<\/a><\/li><li class='ez-toc-page-1 ez-toc-heading-level-3'><a class=\"ez-toc-link ez-toc-heading-4\" href=\"https:\/\/veact.com\/de\/blog-magazin\/autohaus-ki-convention-2025-mit-veact\/#A_W-Tag_2025\" >A&amp;W-Tag 2025<\/a><\/li><li class='ez-toc-page-1 ez-toc-heading-level-3'><a class=\"ez-toc-link ez-toc-heading-5\" href=\"https:\/\/veact.com\/de\/blog-magazin\/autohaus-ki-convention-2025-mit-veact\/#Dealer_Kongres_Lodz_2025\" >Dealer Kongres \u0141\u00f3d\u017a 2025<\/a><\/li><li class='ez-toc-page-1 ez-toc-heading-level-3'><a class=\"ez-toc-link ez-toc-heading-6\" href=\"https:\/\/veact.com\/de\/blog-magazin\/autohaus-ki-convention-2025-mit-veact\/#The_Women_Automotive_Summit_Europe_2025\" >The Women Automotive Summit Europe 2025<\/a><\/li><li class='ez-toc-page-1 ez-toc-heading-level-3'><a class=\"ez-toc-link ez-toc-heading-7\" href=\"https:\/\/veact.com\/de\/blog-magazin\/autohaus-ki-convention-2025-mit-veact\/#AUTOHAUS_Sommerakademie_2025\" >AUTOHAUS Sommerakademie 2025<\/a><\/li><li class='ez-toc-page-1 ez-toc-heading-level-3'><a class=\"ez-toc-link ez-toc-heading-8\" href=\"https:\/\/veact.com\/de\/blog-magazin\/autohaus-ki-convention-2025-mit-veact\/#IfA_Branchengipfel_2025\" >IfA Branchengipfel 2025<\/a><\/li><li class='ez-toc-page-1 ez-toc-heading-level-3'><a class=\"ez-toc-link ez-toc-heading-9\" href=\"https:\/\/veact.com\/de\/blog-magazin\/autohaus-ki-convention-2025-mit-veact\/#Zukunft_Personal_2025\" >Zukunft Personal 2025<\/a><\/li><li class='ez-toc-page-1 ez-toc-heading-level-3'><a class=\"ez-toc-link ez-toc-heading-10\" href=\"https:\/\/veact.com\/de\/blog-magazin\/autohaus-ki-convention-2025-mit-veact\/#mo_re_Mobilede_2025\" >mo:re Mobile.de 2025<\/a><\/li><li class='ez-toc-page-1 ez-toc-heading-level-3'><a class=\"ez-toc-link ez-toc-heading-11\" href=\"https:\/\/veact.com\/de\/blog-magazin\/autohaus-ki-convention-2025-mit-veact\/#VDB_Herbstveranstaltung_2025\" >VDB Herbstveranstaltung 2025<\/a><\/li><\/ul><\/li><\/ul><\/nav><\/div>\n<h2><span class=\"ez-toc-section\" id=\"Vielen_Dank\"><\/span>Vielen Dank!<span class=\"ez-toc-section-end\"><\/span><\/h2>\n\t\t\t\t\t\t\t\n\t\t\t\t\t\t\t\t\t<p>\n\t\t\t\t\tWir haben uns sehr gefreut, bei der diesj\u00e4hrigen AUTOHAUS KI Convention 2025 in Mainz dabei gewesen zu sein. Das Event bot spannende Einblicke in die Zukunft des Autohandels und zeigte eindrucksvoll, wie K\u00fcnstliche Intelligenz bereits heute Prozesse im Vertrieb und Service ver\u00e4ndert. \r\n<p>\r\nBesonders inspirierend waren die praxisnahen Vortr\u00e4ge und Diskussionen dar\u00fcber, wie Automatisierung, Datenstrategien und generative KI den Handel effizienter und kundenorientierter gestalten k\u00f6nnen. \r\n<p>\r\nEs war gro\u00dfartig, Teil dieses zukunftsweisenden Austauschs zu sein und gemeinsam mit Branchenexpert\/innen neue Perspektiven zu entdecken. Wir nehmen viele wertvolle Impulse mit und bedanken uns herzlich f\u00fcr die gro\u00dfartige Organisation und die vielen interessanten Gespr\u00e4che.\t\t\t\t\t<\/p>\n\t\t\t\t\t\t\t\t\n\t\t\t\t\t\t\t\t<div class=\"snk-buttons snk-buttons_noGap\">\n\t\t\t\t\t\t\t\t\t\t\t<a class=\"snk-btn-primary\" href=\"https:\/\/www.linkedin.com\/feed\/update\/urn:li:activity:7392135465887219712\" target=\"_blank\">\n\t\t\t\t\t\t\t<span>Weitere Impressionen<\/span>\n\t\t\t\t\t\t\t<svg xmlns=\"http:\/\/www.w3.org\/2000\/svg\" width=\"24\" height=\"24\" fill=\"none\" viewBox=\"0 0 24 24\"><path fill=\"currentColor\" d=\"m13.846 17.654-1.054-1.085 3.82-3.819H4.5v-1.5h12.112l-3.82-3.82 1.054-1.084L19.5 12l-5.654 5.654Z\"\/><\/svg>\t\t\t\t\t\t<\/a>\n\t\t\t\t\t\t\t\t\t\t\t\t\t\t<\/div>\n\t\t\t\t\t\t\t<\/div>\n\t\t<\/div>\n\t<\/section>\n\n\t\n\n\n\n\t<section class=\"snk-section snk-section_noPadding\">\n\t\t<div class=\"container\">\n\t\t\t<div class=\"snk-textBlock\" style=\"max-width: 100%;\">\n\n\t\t\t\t\t\t\t\t<h2><span class=\"ez-toc-section\" id=\"Vergangene_Events\"><\/span>Vergangene Events<span class=\"ez-toc-section-end\"><\/span><\/h2>\n\t\t\t\t\t\t\t\n\t\t\t\t\t\t\t\t\t<p>\n\t\t\t\t\tHier findest du eine Auswahl unserer bisherigen Events.\t\t\t\t\t<\/p>\n\t\t\t\t\t\t\t\t\n\t\t\t\t\t\t\t<\/div>\n\t\t<\/div>\n\t<\/section>\n\n\t\n\n\t<section class=\"snk-section snk-section_teaser snk-section_successStories\">\n\t\t<div class=\"container\">\n\t\t\t<div class=\"splide splide_custom snk-teaserSlider\">\n\t\t\t<div class=\"splide__track splide__track-visible\">\n\t\t\t\t<div class=\"splide__list splide__list-visible\">\n\t\t\t\t\t\t\t\t\t<div class=\"splide__slide\">\n\t\t\t\t\t\t<a aria-hidden=\"true\" href=\"https:\/\/veact.com\/de\/blog-magazin\/iaa-mobility-2025-mit-veact\/\" class=\"snk-teaser snk-teaser_stories\">\n\n\t\t\t\t\t\t\t\t\t\t\t\t\t\t\t<div class=\"snk-teaser-image\">\n\t\t\t\t\t\t\t\t\t\n\t\t\t\t\t\t\t\t\t<img \n\t\t\t\t\t\t\t\t\t\tdata-src=\"https:\/\/veact.com\/wp-content\/uploads\/2025\/11\/Iaa-mobility_2025_teaser-presse_400x300px-768x576.png\" \n\t\t\t\t\t\t\t\t\t\talt=\"Leuchtendes Willkommensschild der IAA Mobility 2025 in M\u00fcnchen vor dem Nationaltheater mit BMW Logo im Hintergrund\" \n\t\t\t\t\t\t\t\t\t\ttitle=\"Eindrucksvolle Er\u00f6ffnung der IAA Mobility 2025 in M\u00fcnchen mit Fokus auf Zukunftstrends im Automotive Marketing und digitaler Mobilit\u00e4t\" \n\t\t\t\t\t\t\t\t\t\taria-label=\"Ein beleuchtetes Display mit der Aufschrift \u201eWillkommen zur IAA Mobility\u201c steht vor dem historischen Geb\u00e4ude des Nationaltheaters in M\u00fcnchen. Im Hintergrund ist das BMW Logo sichtbar, das die Verbindung von Innovation und Mobilit\u00e4t in der Automobilbranche unterstreicht.\" \n\t\t\t\t\t\t\t\t\t src=\"data:image\/svg+xml;base64,PHN2ZyB3aWR0aD0iMSIgaGVpZ2h0PSIxIiB4bWxucz0iaHR0cDovL3d3dy53My5vcmcvMjAwMC9zdmciPjwvc3ZnPg==\" class=\"lazyload\" style=\"--smush-placeholder-width: 768px; --smush-placeholder-aspect-ratio: 768\/576;\" \/>\n\t\t\t\t\t\t\t\t<\/div>\t\t\t\t\t\t\t\t\n\t\t\t\t\t\t\t\t\t\t\t\t\t\t\n\t\t\t\t\t\t\n\t\t\t\t\t\t\t<div class=\"snk-teaser-content\">\n\t\t\t\t\t\t\t\t<h3 class=\"snk-teaser-title\"><span class=\"ez-toc-section\" id=\"IAA_Mobility_2025\"><\/span>\n\t\t\t\t\t\t\t\t\tIAA Mobility 2025\t\t\t\t\t\t\t\t<span class=\"ez-toc-section-end\"><\/span><\/h3>\n\t\t\t\t\t\t\t\t<div class=\"snk-teaser-description\">\n\t\t\t\t\t\t\t\t\t\t\t\t\t\t\t\t\t\t<div class=\"snk-btn-link\"><span>Lesen Sie die ganze Geschichte<\/span><\/div>\n\t\t\t\t\t\t\t\t<\/div>\n\t\t\t\t\t\t\t<\/div>\n\t\t\t\t\t\t\t\n\t\t\t\t\t\t<\/a>\n\t\t\t\t\t<\/div>\n\t\t\t\t\t\t\t\t\t<div class=\"splide__slide\">\n\t\t\t\t\t\t<a aria-hidden=\"true\" href=\"https:\/\/veact.com\/de\/blog-magazin\/aw-tag-2025-mit-veact\/\" class=\"snk-teaser snk-teaser_stories\">\n\n\t\t\t\t\t\t\t\t\t\t\t\t\t\t\t<div class=\"snk-teaser-image\">\n\t\t\t\t\t\t\t\t\t\n\t\t\t\t\t\t\t\t\t<img \n\t\t\t\t\t\t\t\t\t\tdata-src=\"https:\/\/veact.com\/wp-content\/uploads\/2025\/11\/Marketing-event_aw-tag_2025_teaser-presse_400x300px-768x576.png\" \n\t\t\t\t\t\t\t\t\t\talt=\"Logo des A&amp;W Tags als f\u00fchrendes Event f\u00fcr die \u00f6sterreichische Automobilbranche mit Fokus auf Digitalisierung und Marketing in der Automotive Industrie\" \n\t\t\t\t\t\t\t\t\t\ttitle=\"Der A&amp;W Tag ist das zentrale Branchenevent f\u00fcr die \u00f6sterreichische Automobilwirtschaft mit Fokus auf Digitalisierung, Automotive Marketing und datengetriebene Strategien\" \n\t\t\t\t\t\t\t\t\t\taria-label=\"Logo des A&amp;W Tags, dem f\u00fchrenden Event f\u00fcr die \u00f6sterreichische Automobilbranche. Die rote Schrift hebt den Fokus auf das Thema Auto und Wirtschaft hervor und symbolisiert Innovation sowie Dynamik innerhalb der Automotive Industrie.\" \n\t\t\t\t\t\t\t\t\t src=\"data:image\/svg+xml;base64,PHN2ZyB3aWR0aD0iMSIgaGVpZ2h0PSIxIiB4bWxucz0iaHR0cDovL3d3dy53My5vcmcvMjAwMC9zdmciPjwvc3ZnPg==\" class=\"lazyload\" style=\"--smush-placeholder-width: 768px; --smush-placeholder-aspect-ratio: 768\/576;\" \/>\n\t\t\t\t\t\t\t\t<\/div>\t\t\t\t\t\t\t\t\n\t\t\t\t\t\t\t\t\t\t\t\t\t\t\n\t\t\t\t\t\t\n\t\t\t\t\t\t\t<div class=\"snk-teaser-content\">\n\t\t\t\t\t\t\t\t<h3 class=\"snk-teaser-title\"><span class=\"ez-toc-section\" id=\"A_W-Tag_2025\"><\/span>\n\t\t\t\t\t\t\t\t\tA&amp;W-Tag 2025\t\t\t\t\t\t\t\t<span class=\"ez-toc-section-end\"><\/span><\/h3>\n\t\t\t\t\t\t\t\t<div class=\"snk-teaser-description\">\n\t\t\t\t\t\t\t\t\t\t\t\t\t\t\t\t\t\t<div class=\"snk-btn-link\"><span>Lesen Sie die ganze Geschichte<\/span><\/div>\n\t\t\t\t\t\t\t\t<\/div>\n\t\t\t\t\t\t\t<\/div>\n\t\t\t\t\t\t\t\n\t\t\t\t\t\t<\/a>\n\t\t\t\t\t<\/div>\n\t\t\t\t\t\t\t\t\t<div class=\"splide__slide\">\n\t\t\t\t\t\t<a aria-hidden=\"true\" href=\"https:\/\/veact.com\/de\/blog-magazin\/dealer-kongres-lodz-2025-mit-veact\/\" class=\"snk-teaser snk-teaser_stories\">\n\n\t\t\t\t\t\t\t\t\t\t\t\t\t\t\t<div class=\"snk-teaser-image\">\n\t\t\t\t\t\t\t\t\t\n\t\t\t\t\t\t\t\t\t<img \n\t\t\t\t\t\t\t\t\t\tdata-src=\"https:\/\/veact.com\/wp-content\/uploads\/2025\/11\/Dealer-kongres-16_2025_teaser-presse_400x300px-768x576.png\" \n\t\t\t\t\t\t\t\t\t\talt=\"Kongressbrosch\u00fcren des Dealer Kongres mit Veact Branding \u00fcber datenbasierte Marketingstrategien f\u00fcr die Automobilbranche\" \n\t\t\t\t\t\t\t\t\t\ttitle=\"Veact pr\u00e4sentiert innovative L\u00f6sungen f\u00fcr datengetriebenes Automotive Marketing und Kundenbindung beim Dealer Kongres 2025 in \u0141\u00f3d\u017a\" \n\t\t\t\t\t\t\t\t\t\taria-label=\"Mehrere Kongressbrosch\u00fcren mit dem Titel \u201eDealer Kongres 16\u201c und dem Branding von Veact liegen ordentlich auf einem Tisch. Die Materialien stehen im Zusammenhang mit einem internationalen Automotive Event, das sich auf datenbasierte Strategien und digitales Marketing f\u00fcr Autoh\u00e4user konzentriert.\" \n\t\t\t\t\t\t\t\t\t src=\"data:image\/svg+xml;base64,PHN2ZyB3aWR0aD0iMSIgaGVpZ2h0PSIxIiB4bWxucz0iaHR0cDovL3d3dy53My5vcmcvMjAwMC9zdmciPjwvc3ZnPg==\" class=\"lazyload\" style=\"--smush-placeholder-width: 768px; --smush-placeholder-aspect-ratio: 768\/576;\" \/>\n\t\t\t\t\t\t\t\t<\/div>\t\t\t\t\t\t\t\t\n\t\t\t\t\t\t\t\t\t\t\t\t\t\t\n\t\t\t\t\t\t\n\t\t\t\t\t\t\t<div class=\"snk-teaser-content\">\n\t\t\t\t\t\t\t\t<h3 class=\"snk-teaser-title\"><span class=\"ez-toc-section\" id=\"Dealer_Kongres_Lodz_2025\"><\/span>\n\t\t\t\t\t\t\t\t\tDealer Kongres \u0141\u00f3d\u017a 2025\t\t\t\t\t\t\t\t<span class=\"ez-toc-section-end\"><\/span><\/h3>\n\t\t\t\t\t\t\t\t<div class=\"snk-teaser-description\">\n\t\t\t\t\t\t\t\t\t\t\t\t\t\t\t\t\t\t<div class=\"snk-btn-link\"><span>Lesen Sie die ganze Geschichte<\/span><\/div>\n\t\t\t\t\t\t\t\t<\/div>\n\t\t\t\t\t\t\t<\/div>\n\t\t\t\t\t\t\t\n\t\t\t\t\t\t<\/a>\n\t\t\t\t\t<\/div>\n\t\t\t\t\t\t\t\t\t<div class=\"splide__slide\">\n\t\t\t\t\t\t<a aria-hidden=\"true\" href=\"https:\/\/veact.com\/de\/blog-magazin\/the-women-automotive-summit-europe-2025-mit-veact\/\" class=\"snk-teaser snk-teaser_stories\">\n\n\t\t\t\t\t\t\t\t\t\t\t\t\t\t\t<div class=\"snk-teaser-image\">\n\t\t\t\t\t\t\t\t\t\n\t\t\t\t\t\t\t\t\t<img \n\t\t\t\t\t\t\t\t\t\tdata-src=\"https:\/\/veact.com\/wp-content\/uploads\/2025\/11\/Women-automotive-summit-europe_2025_teaser-presse_400x300px-768x576.png\" \n\t\t\t\t\t\t\t\t\t\talt=\"Women-automotive-summit-europe_2025_teaser presse_400x300px\" \n\t\t\t\t\t\t\t\t\t\ttitle=\"Teilnehmerinnen des Women Automotive Summit Europe setzen ein Zeichen f\u00fcr Vielfalt und Empowerment in der Automotive und Marketing Branche\" \n\t\t\t\t\t\t\t\t\t\taria-label=\"Zwei Frauen posieren l\u00e4chelnd vor einer farbenfrohen Messewand des Women Automotive Summit Europe. Sie halten einen Bilderrahmen mit der Aufschrift \u201eSupporting Women Empowering Teams Redefining Workplaces\u201c, der das Engagement f\u00fcr Gleichberechtigung und Innovation in der Automobilbranche betont.\" \n\t\t\t\t\t\t\t\t\t src=\"data:image\/svg+xml;base64,PHN2ZyB3aWR0aD0iMSIgaGVpZ2h0PSIxIiB4bWxucz0iaHR0cDovL3d3dy53My5vcmcvMjAwMC9zdmciPjwvc3ZnPg==\" class=\"lazyload\" style=\"--smush-placeholder-width: 768px; --smush-placeholder-aspect-ratio: 768\/576;\" \/>\n\t\t\t\t\t\t\t\t<\/div>\t\t\t\t\t\t\t\t\n\t\t\t\t\t\t\t\t\t\t\t\t\t\t\n\t\t\t\t\t\t\n\t\t\t\t\t\t\t<div class=\"snk-teaser-content\">\n\t\t\t\t\t\t\t\t<h3 class=\"snk-teaser-title\"><span class=\"ez-toc-section\" id=\"The_Women_Automotive_Summit_Europe_2025\"><\/span>\n\t\t\t\t\t\t\t\t\tThe Women Automotive Summit Europe 2025\t\t\t\t\t\t\t\t<span class=\"ez-toc-section-end\"><\/span><\/h3>\n\t\t\t\t\t\t\t\t<div class=\"snk-teaser-description\">\n\t\t\t\t\t\t\t\t\t\t\t\t\t\t\t\t\t\t<div class=\"snk-btn-link\"><span>Lesen Sie die ganze Geschichte<\/span><\/div>\n\t\t\t\t\t\t\t\t<\/div>\n\t\t\t\t\t\t\t<\/div>\n\t\t\t\t\t\t\t\n\t\t\t\t\t\t<\/a>\n\t\t\t\t\t<\/div>\n\t\t\t\t\t\t\t\t\t<div class=\"splide__slide\">\n\t\t\t\t\t\t<a aria-hidden=\"true\" href=\"https:\/\/veact.com\/de\/blog-magazin\/autohaus-sommerakademie-2025-mit-veact\/\" class=\"snk-teaser snk-teaser_stories\">\n\n\t\t\t\t\t\t\t\t\t\t\t\t\t\t\t<div class=\"snk-teaser-image\">\n\t\t\t\t\t\t\t\t\t\n\t\t\t\t\t\t\t\t\t<img \n\t\t\t\t\t\t\t\t\t\tdata-src=\"https:\/\/veact.com\/wp-content\/uploads\/2025\/11\/Autohaus-sommerakademie_-2025_teaser-presse_400x300px-768x576.png\" \n\t\t\t\t\t\t\t\t\t\talt=\"Redner auf der B\u00fchne der Autohaus Sommerakademie 2025 sprechen \u00fcber Trends und digitale L\u00f6sungen f\u00fcr Kfz-H\u00e4ndler und H\u00e4ndlergruppen\" \n\t\t\t\t\t\t\t\t\t\ttitle=\"Branchenexperten und Kfz-H\u00e4ndler diskutieren auf der Autohaus Sommerakademie 2025 \u00fcber Innovationen, Digitalisierung und erfolgreiche Strategien f\u00fcr H\u00e4ndlergruppen\" \n\t\t\t\t\t\t\t\t\t\taria-label=\"F\u00fcnf Redner stehen auf einer modernen B\u00fchne der Autohaus Sommerakademie 2025 vor einem gro\u00dfen Panoramabild mit Berglandschaft. Die Veranstaltung bringt Branchenexperten und Kfz-H\u00e4ndler zusammen, um \u00fcber aktuelle Trends, Digitalisierung und Kundenbindung im Automotive-Sektor zu diskutieren.\" \n\t\t\t\t\t\t\t\t\t src=\"data:image\/svg+xml;base64,PHN2ZyB3aWR0aD0iMSIgaGVpZ2h0PSIxIiB4bWxucz0iaHR0cDovL3d3dy53My5vcmcvMjAwMC9zdmciPjwvc3ZnPg==\" class=\"lazyload\" style=\"--smush-placeholder-width: 768px; --smush-placeholder-aspect-ratio: 768\/576;\" \/>\n\t\t\t\t\t\t\t\t<\/div>\t\t\t\t\t\t\t\t\n\t\t\t\t\t\t\t\t\t\t\t\t\t\t\n\t\t\t\t\t\t\n\t\t\t\t\t\t\t<div class=\"snk-teaser-content\">\n\t\t\t\t\t\t\t\t<h3 class=\"snk-teaser-title\"><span class=\"ez-toc-section\" id=\"AUTOHAUS_Sommerakademie_2025\"><\/span>\n\t\t\t\t\t\t\t\t\tAUTOHAUS Sommerakademie 2025\t\t\t\t\t\t\t\t<span class=\"ez-toc-section-end\"><\/span><\/h3>\n\t\t\t\t\t\t\t\t<div class=\"snk-teaser-description\">\n\t\t\t\t\t\t\t\t\t\t\t\t\t\t\t\t\t\t<div class=\"snk-btn-link\"><span>Lesen Sie die ganze Geschichte<\/span><\/div>\n\t\t\t\t\t\t\t\t<\/div>\n\t\t\t\t\t\t\t<\/div>\n\t\t\t\t\t\t\t\n\t\t\t\t\t\t<\/a>\n\t\t\t\t\t<\/div>\n\t\t\t\t\t\t\t\t\t<div class=\"splide__slide\">\n\t\t\t\t\t\t<a aria-hidden=\"true\" href=\"https:\/\/veact.com\/de\/blog-magazin\/ifa-branchengipfel-2025-mit-veact\/\" class=\"snk-teaser snk-teaser_stories\">\n\n\t\t\t\t\t\t\t\t\t\t\t\t\t\t\t<div class=\"snk-teaser-image\">\n\t\t\t\t\t\t\t\t\t\n\t\t\t\t\t\t\t\t\t<img \n\t\t\t\t\t\t\t\t\t\tdata-src=\"https:\/\/veact.com\/wp-content\/uploads\/2025\/11\/Automotive-veranstaltung_ifa-branchengipfel-2025_teaser-presse_400x300px-768x576.png\" \n\t\t\t\t\t\t\t\t\t\talt=\"Musiker performen beim IfA Branchengipfel 2025 in festlich beleuchtetem Saal mit Projektion 30 Jahre 1995\u20132025 im Hintergrund\" \n\t\t\t\t\t\t\t\t\t\ttitle=\"Live Musik und festliche Stimmung beim IfA Branchengipfel 2025 unterstreichen die Bedeutung von Innovation und Zusammenarbeit in der Automobilbranche\" \n\t\t\t\t\t\t\t\t\t\taria-label=\"Auf der B\u00fchne eines festlich beleuchteten Saals spielen Musiker Klavier und Gitarre w\u00e4hrend an der Wand die Projektion \u201e30 Jahre 1995\u20132025\u201c erscheint. Das Bild zeigt die stimmungsvolle Atmosph\u00e4re des IfA Branchengipfel 2025 bei dem Branchenexperten und G\u00e4ste aus der Automobilwirtschaft zusammenkommen.\" \n\t\t\t\t\t\t\t\t\t src=\"data:image\/svg+xml;base64,PHN2ZyB3aWR0aD0iMSIgaGVpZ2h0PSIxIiB4bWxucz0iaHR0cDovL3d3dy53My5vcmcvMjAwMC9zdmciPjwvc3ZnPg==\" class=\"lazyload\" style=\"--smush-placeholder-width: 768px; --smush-placeholder-aspect-ratio: 768\/576;\" \/>\n\t\t\t\t\t\t\t\t<\/div>\t\t\t\t\t\t\t\t\n\t\t\t\t\t\t\t\t\t\t\t\t\t\t\n\t\t\t\t\t\t\n\t\t\t\t\t\t\t<div class=\"snk-teaser-content\">\n\t\t\t\t\t\t\t\t<h3 class=\"snk-teaser-title\"><span class=\"ez-toc-section\" id=\"IfA_Branchengipfel_2025\"><\/span>\n\t\t\t\t\t\t\t\t\tIfA Branchengipfel 2025\t\t\t\t\t\t\t\t<span class=\"ez-toc-section-end\"><\/span><\/h3>\n\t\t\t\t\t\t\t\t<div class=\"snk-teaser-description\">\n\t\t\t\t\t\t\t\t\t\t\t\t\t\t\t\t\t\t<div class=\"snk-btn-link\"><span>Lesen Sie die ganze Geschichte<\/span><\/div>\n\t\t\t\t\t\t\t\t<\/div>\n\t\t\t\t\t\t\t<\/div>\n\t\t\t\t\t\t\t\n\t\t\t\t\t\t<\/a>\n\t\t\t\t\t<\/div>\n\t\t\t\t\t\t\t\t\t<div class=\"splide__slide\">\n\t\t\t\t\t\t<a aria-hidden=\"true\" href=\"https:\/\/veact.com\/de\/blog-magazin\/zukunft-personal-2025-mit-veact\/\" class=\"snk-teaser snk-teaser_stories\">\n\n\t\t\t\t\t\t\t\t\t\t\t\t\t\t\t<div class=\"snk-teaser-image\">\n\t\t\t\t\t\t\t\t\t\n\t\t\t\t\t\t\t\t\t<img \n\t\t\t\t\t\t\t\t\t\tdata-src=\"https:\/\/veact.com\/wp-content\/uploads\/2025\/11\/Personalmesse_munchen_2025_teaser-presse_400x300px-768x576.png\" \n\t\t\t\t\t\t\t\t\t\talt=\"Digitales Willkommensschild der Zukunft Personal 2025 in M\u00fcnchen mit Fokus auf Marketing Plattformen und digitale Innovationen im Personalwesen\" \n\t\t\t\t\t\t\t\t\t\ttitle=\"Begr\u00fc\u00dfungsdisplay der Zukunft Personal 2025 in M\u00fcnchen mit Fokus auf innovative Marketing Plattformen und datengetriebene L\u00f6sungen f\u00fcr modernes Personalmanagement\" \n\t\t\t\t\t\t\t\t\t\taria-label=\"Ein digitales Begr\u00fc\u00dfungsdisplay zeigt den Schriftzug \u201eHerzlich Willkommen Personalmesse M\u00fcnchen 2025 powered by Zukunft Personal\u201c. Das moderne Design mit gr\u00fcnen und gelben Farbt\u00f6nen symbolisiert Fortschritt, Digitalisierung und Networking im Personal- und Marketingbereich.\" \n\t\t\t\t\t\t\t\t\t src=\"data:image\/svg+xml;base64,PHN2ZyB3aWR0aD0iMSIgaGVpZ2h0PSIxIiB4bWxucz0iaHR0cDovL3d3dy53My5vcmcvMjAwMC9zdmciPjwvc3ZnPg==\" class=\"lazyload\" style=\"--smush-placeholder-width: 768px; --smush-placeholder-aspect-ratio: 768\/576;\" \/>\n\t\t\t\t\t\t\t\t<\/div>\t\t\t\t\t\t\t\t\n\t\t\t\t\t\t\t\t\t\t\t\t\t\t\n\t\t\t\t\t\t\n\t\t\t\t\t\t\t<div class=\"snk-teaser-content\">\n\t\t\t\t\t\t\t\t<h3 class=\"snk-teaser-title\"><span class=\"ez-toc-section\" id=\"Zukunft_Personal_2025\"><\/span>\n\t\t\t\t\t\t\t\t\tZukunft Personal 2025\t\t\t\t\t\t\t\t<span class=\"ez-toc-section-end\"><\/span><\/h3>\n\t\t\t\t\t\t\t\t<div class=\"snk-teaser-description\">\n\t\t\t\t\t\t\t\t\t\t\t\t\t\t\t\t\t\t<div class=\"snk-btn-link\"><span>Lesen Sie die ganze Geschichte<\/span><\/div>\n\t\t\t\t\t\t\t\t<\/div>\n\t\t\t\t\t\t\t<\/div>\n\t\t\t\t\t\t\t\n\t\t\t\t\t\t<\/a>\n\t\t\t\t\t<\/div>\n\t\t\t\t\t\t\t\t\t<div class=\"splide__slide\">\n\t\t\t\t\t\t<a aria-hidden=\"true\" href=\"https:\/\/veact.com\/de\/blog-magazin\/more-mobile-de-mit-veact-2025\/\" class=\"snk-teaser snk-teaser_stories\">\n\n\t\t\t\t\t\t\t\t\t\t\t\t\t\t\t<div class=\"snk-teaser-image\">\n\t\t\t\t\t\t\t\t\t\n\t\t\t\t\t\t\t\t\t<img \n\t\t\t\t\t\t\t\t\t\tdata-src=\"https:\/\/veact.com\/wp-content\/uploads\/2025\/11\/Automotive-mobility-analytics_teaser-presse_400x300px-768x576.png\" \n\t\t\t\t\t\t\t\t\t\talt=\"Stra\u00dfenbahn Autos und Radfahrer in moderner Stadt als Symbol f\u00fcr digitale Mobilit\u00e4tsl\u00f6sungen und datengetriebene Automotive Innovation\" \n\t\t\t\t\t\t\t\t\t\ttitle=\"Innovative Datenanalyse und vernetzte Mobilit\u00e4t pr\u00e4gen die Zukunft der Automotive Branche und f\u00f6rdern nachhaltige urbane Verkehrsstrategien\" \n\t\t\t\t\t\t\t\t\t\taria-label=\"Eine moderne Stadtstra\u00dfe mit Stra\u00dfenbahn, Autos und Radfahrern zwischen hohen B\u00fcrogeb\u00e4uden und gr\u00fcnen B\u00e4umen. Digitale Anzeigetafeln zeigen Fahrpl\u00e4ne und Informationen, w\u00e4hrend Menschen sich auf dem Weg zur Arbeit befinden. Die Szene symbolisiert vernetzte urbane Mobilit\u00e4t und nachhaltige Verkehrsl\u00f6sungen.\" \n\t\t\t\t\t\t\t\t\t src=\"data:image\/svg+xml;base64,PHN2ZyB3aWR0aD0iMSIgaGVpZ2h0PSIxIiB4bWxucz0iaHR0cDovL3d3dy53My5vcmcvMjAwMC9zdmciPjwvc3ZnPg==\" class=\"lazyload\" style=\"--smush-placeholder-width: 768px; --smush-placeholder-aspect-ratio: 768\/576;\" \/>\n\t\t\t\t\t\t\t\t<\/div>\t\t\t\t\t\t\t\t\n\t\t\t\t\t\t\t\t\t\t\t\t\t\t\n\t\t\t\t\t\t\n\t\t\t\t\t\t\t<div class=\"snk-teaser-content\">\n\t\t\t\t\t\t\t\t<h3 class=\"snk-teaser-title\"><span class=\"ez-toc-section\" id=\"mo_re_Mobilede_2025\"><\/span>\n\t\t\t\t\t\t\t\t\tmo:re Mobile.de 2025\t\t\t\t\t\t\t\t<span class=\"ez-toc-section-end\"><\/span><\/h3>\n\t\t\t\t\t\t\t\t<div class=\"snk-teaser-description\">\n\t\t\t\t\t\t\t\t\t\t\t\t\t\t\t\t\t\t<div class=\"snk-btn-link\"><span>Lesen Sie die ganze Geschichte<\/span><\/div>\n\t\t\t\t\t\t\t\t<\/div>\n\t\t\t\t\t\t\t<\/div>\n\t\t\t\t\t\t\t\n\t\t\t\t\t\t<\/a>\n\t\t\t\t\t<\/div>\n\t\t\t\t\t\t\t\t\t<div class=\"splide__slide\">\n\t\t\t\t\t\t<a aria-hidden=\"true\" href=\"https:\/\/veact.com\/de\/blog-magazin\/vdb-herbstveranstaltung-2025-mit-veact\/\" class=\"snk-teaser snk-teaser_stories\">\n\n\t\t\t\t\t\t\t\t\t\t\t\t\t\t\t<div class=\"snk-teaser-image\">\n\t\t\t\t\t\t\t\t\t\n\t\t\t\t\t\t\t\t\t<img \n\t\t\t\t\t\t\t\t\t\tdata-src=\"https:\/\/veact.com\/wp-content\/uploads\/2025\/12\/VDB-herbstveranstaltung-2025_teaser-presse_400x300px-768x576.png\" \n\t\t\t\t\t\t\t\t\t\talt=\"Blick auf die B\u00fchne der VDB Herbstveranstaltung 2025 mit Fahrzeugpr\u00e4sentation und Teilnehmenden im Veranstaltungsraum\" \n\t\t\t\t\t\t\t\t\t\ttitle=\"VDB Herbstveranstaltung 2025 mit Pr\u00e4sentation neuer Automobiltrends und Branchenaustausch\" \n\t\t\t\t\t\t\t\t\t\taria-label=\"Die Aufnahme zeigt die VDB Herbstveranstaltung 2025 des Verbands Deutscher BMW Vertragsh\u00e4ndler in einem modern beleuchteten Veranstaltungsraum. Auf der B\u00fchne steht ein neues Fahrzeugmodell im Fokus und auf der gro\u00dfen Leinwand erscheint die Begr\u00fc\u00dfungspr\u00e4sentation. Teilnehmer tauschen sich im Vordergrund aus und vermitteln eine professionelle und dynamische Atmosph\u00e4re im Umfeld der digitalen Transformation der Automobilbranche.\" \n\t\t\t\t\t\t\t\t\t src=\"data:image\/svg+xml;base64,PHN2ZyB3aWR0aD0iMSIgaGVpZ2h0PSIxIiB4bWxucz0iaHR0cDovL3d3dy53My5vcmcvMjAwMC9zdmciPjwvc3ZnPg==\" class=\"lazyload\" style=\"--smush-placeholder-width: 768px; --smush-placeholder-aspect-ratio: 768\/576;\" \/>\n\t\t\t\t\t\t\t\t<\/div>\t\t\t\t\t\t\t\t\n\t\t\t\t\t\t\t\t\t\t\t\t\t\t\n\t\t\t\t\t\t\n\t\t\t\t\t\t\t<div class=\"snk-teaser-content\">\n\t\t\t\t\t\t\t\t<h3 class=\"snk-teaser-title\"><span class=\"ez-toc-section\" id=\"VDB_Herbstveranstaltung_2025\"><\/span>\n\t\t\t\t\t\t\t\t\tVDB Herbstveranstaltung 2025\t\t\t\t\t\t\t\t<span class=\"ez-toc-section-end\"><\/span><\/h3>\n\t\t\t\t\t\t\t\t<div class=\"snk-teaser-description\">\n\t\t\t\t\t\t\t\t\t\t\t\t\t\t\t\t\t\t<div class=\"snk-btn-link\"><span>Lesen Sie die ganze Geschichte<\/span><\/div>\n\t\t\t\t\t\t\t\t<\/div>\n\t\t\t\t\t\t\t<\/div>\n\t\t\t\t\t\t\t\n\t\t\t\t\t\t<\/a>\n\t\t\t\t\t<\/div>\n\t\t\t\t\n\t\t\t\t\n\t\t\t\t<\/div>\n\t\t\t<\/div>\n\n\t\t\t\n\t\t\t\t<div class=\"snk-slider-controls snk-slider-controls-visible\">\n\t\t\t\t\t<!-- Add the prev \/ next arrows -->\n\t\t\t\t\t<div class=\"splide__arrows\">\n\t\t\t\t\t\t<button class=\"splide__arrow splide__arrow--prev\">\n\t\t\t\t\t\t\t<svg xmlns=\"http:\/\/www.w3.org\/2000\/svg\" width=\"24\" height=\"24\" fill=\"none\" viewBox=\"0 0 24 24\"><path fill=\"currentColor\" d=\"m12.946 12-4.6-4.6L9.4 6.346 15.054 12 9.4 17.654 8.346 16.6l4.6-4.6Z\"\/><\/svg>\t\t\t\t\t\t<\/button>\n\t\t\t\t\t\t<!-- Add progress counter -->\n\t\t\t\t\t\t<div class=\"snk-slider-count js-slider-count\">\n\t\t\t\t\t\t\t<span class=\"js-slider-count-index\"><\/span>\/<span class=\"js-slider-count-total\"><\/span>\n\t\t\t\t\t\t<\/div>\n\t\t\t\t\t\t<button class=\"splide__arrow splide__arrow--next\">\n\t\t\t\t\t\t\t<svg xmlns=\"http:\/\/www.w3.org\/2000\/svg\" width=\"24\" height=\"24\" fill=\"none\" viewBox=\"0 0 24 24\"><path fill=\"currentColor\" d=\"m12.946 12-4.6-4.6L9.4 6.346 15.054 12 9.4 17.654 8.346 16.6l4.6-4.6Z\"\/><\/svg>\t\t\t\t\t\t<\/button>\n\t\t\t\t\t<\/div>\n\t\t\t\t<\/div>\n\t\t\n\n\t\t\t\t\t<\/div>\n\t<\/section>\n\t","protected":false},"excerpt":{"rendered":"","protected":false},"author":9,"featured_media":8285,"menu_order":0,"template":"","meta":{"_acf_changed":false,"inline_featured_image":false,"footnotes":""},"blog-tag":[],"class_list":["post-8261","blog-magazine","type-blog-magazine","status-publish","has-post-thumbnail","hentry"],"acf":[],"yoast_head":"<!-- This site is optimized with the Yoast SEO plugin v27.5 - https:\/\/yoast.com\/product\/yoast-seo-wordpress\/ -->\n<title>AUTOHAUS KI Convention 2025 | Veact<\/title>\n<meta name=\"description\" content=\"Wir bedanken uns f\u00fcr die inspirierende AUTOHAUS KI Convention 2025 in Mainz voller spannender Einblicke und Impulse f\u00fcr die Zukunft\" \/>\n<meta name=\"robots\" content=\"index, follow, max-snippet:-1, max-image-preview:large, max-video-preview:-1\" \/>\n<link rel=\"canonical\" href=\"https:\/\/veact.com\/de\/blog-magazin\/autohaus-ki-convention-2025-mit-veact\/\" \/>\n<meta property=\"og:locale\" content=\"de_DE\" \/>\n<meta property=\"og:type\" content=\"article\" \/>\n<meta property=\"og:title\" content=\"AUTOHAUS KI Convention 2025 | Veact\" \/>\n<meta property=\"og:description\" content=\"Wir bedanken uns f\u00fcr die inspirierende AUTOHAUS KI Convention 2025 in Mainz voller spannender Einblicke und Impulse f\u00fcr die Zukunft\" \/>\n<meta property=\"og:url\" content=\"https:\/\/veact.com\/de\/blog-magazin\/autohaus-ki-convention-2025-mit-veact\/\" \/>\n<meta property=\"og:site_name\" content=\"Veact\" \/>\n<meta property=\"article:publisher\" content=\"https:\/\/de-de.facebook.com\/veact\/\" \/>\n<meta property=\"article:modified_time\" content=\"2025-12-02T08:11:25+00:00\" \/>\n<meta property=\"og:image\" content=\"https:\/\/veact.com\/wp-content\/uploads\/2025\/11\/Software-konferenz_autohaus-ki-convention_2025_teaser-presse_400x300px.png\" \/>\n\t<meta property=\"og:image:width\" content=\"800\" \/>\n\t<meta property=\"og:image:height\" content=\"600\" \/>\n\t<meta property=\"og:image:type\" content=\"image\/png\" \/>\n<meta name=\"twitter:card\" content=\"summary_large_image\" \/>\n<meta name=\"twitter:label1\" content=\"Gesch\u00e4tzte Lesezeit\" \/>\n\t<meta name=\"twitter:data1\" content=\"4\u00a0Minuten\" \/>\n<!-- \/ Yoast SEO plugin. -->","yoast_head_json":{"title":"AUTOHAUS KI Convention 2025 | Veact","description":"Wir bedanken uns f\u00fcr die inspirierende AUTOHAUS KI Convention 2025 in Mainz voller spannender Einblicke und Impulse f\u00fcr die Zukunft","robots":{"index":"index","follow":"follow","max-snippet":"max-snippet:-1","max-image-preview":"max-image-preview:large","max-video-preview":"max-video-preview:-1"},"canonical":"https:\/\/veact.com\/de\/blog-magazin\/autohaus-ki-convention-2025-mit-veact\/","og_locale":"de_DE","og_type":"article","og_title":"AUTOHAUS KI Convention 2025 | Veact","og_description":"Wir bedanken uns f\u00fcr die inspirierende AUTOHAUS KI Convention 2025 in Mainz voller spannender Einblicke und Impulse f\u00fcr die Zukunft","og_url":"https:\/\/veact.com\/de\/blog-magazin\/autohaus-ki-convention-2025-mit-veact\/","og_site_name":"Veact","article_publisher":"https:\/\/de-de.facebook.com\/veact\/","article_modified_time":"2025-12-02T08:11:25+00:00","og_image":[{"width":800,"height":600,"url":"https:\/\/veact.com\/wp-content\/uploads\/2025\/11\/Software-konferenz_autohaus-ki-convention_2025_teaser-presse_400x300px.png","type":"image\/png"}],"twitter_card":"summary_large_image","twitter_misc":{"Gesch\u00e4tzte Lesezeit":"4\u00a0Minuten"},"schema":{"@context":"https:\/\/schema.org","@graph":[{"@type":"WebPage","@id":"https:\/\/veact.com\/de\/blog-magazin\/autohaus-ki-convention-2025-mit-veact\/","url":"https:\/\/veact.com\/de\/blog-magazin\/autohaus-ki-convention-2025-mit-veact\/","name":"AUTOHAUS KI Convention 2025 | Veact","isPartOf":{"@id":"https:\/\/veact.com\/de\/#website"},"primaryImageOfPage":{"@id":"https:\/\/veact.com\/de\/blog-magazin\/autohaus-ki-convention-2025-mit-veact\/#primaryimage"},"image":{"@id":"https:\/\/veact.com\/de\/blog-magazin\/autohaus-ki-convention-2025-mit-veact\/#primaryimage"},"thumbnailUrl":"https:\/\/veact.com\/wp-content\/uploads\/2025\/11\/Software-konferenz_autohaus-ki-convention_2025_teaser-presse_400x300px.png","datePublished":"2025-11-11T14:06:31+00:00","dateModified":"2025-12-02T08:11:25+00:00","description":"Wir bedanken uns f\u00fcr die inspirierende AUTOHAUS KI Convention 2025 in Mainz voller spannender Einblicke und Impulse f\u00fcr die Zukunft","breadcrumb":{"@id":"https:\/\/veact.com\/de\/blog-magazin\/autohaus-ki-convention-2025-mit-veact\/#breadcrumb"},"inLanguage":"de","potentialAction":[{"@type":"ReadAction","target":["https:\/\/veact.com\/de\/blog-magazin\/autohaus-ki-convention-2025-mit-veact\/"]}]},{"@type":"ImageObject","inLanguage":"de","@id":"https:\/\/veact.com\/de\/blog-magazin\/autohaus-ki-convention-2025-mit-veact\/#primaryimage","url":"https:\/\/veact.com\/wp-content\/uploads\/2025\/11\/Software-konferenz_autohaus-ki-convention_2025_teaser-presse_400x300px.png","contentUrl":"https:\/\/veact.com\/wp-content\/uploads\/2025\/11\/Software-konferenz_autohaus-ki-convention_2025_teaser-presse_400x300px.png","width":800,"height":600,"caption":"Fachleute diskutieren auf der AUTOHAUS KI Convention 2025 \u00fcber moderne Analytics Software und innovative Datenmanagement L\u00f6sungen zur Optimierung von Gesch\u00e4ftsprozessen"},{"@type":"BreadcrumbList","@id":"https:\/\/veact.com\/de\/blog-magazin\/autohaus-ki-convention-2025-mit-veact\/#breadcrumb","itemListElement":[{"@type":"ListItem","position":1,"name":"Home","item":"https:\/\/veact.com\/de\/"},{"@type":"ListItem","position":2,"name":"AUTOHAUS KI Convention 2025"}]},{"@type":"WebSite","@id":"https:\/\/veact.com\/de\/#website","url":"https:\/\/veact.com\/de\/","name":"Veact","description":"","publisher":{"@id":"https:\/\/veact.com\/de\/#organization"},"potentialAction":[{"@type":"SearchAction","target":{"@type":"EntryPoint","urlTemplate":"https:\/\/veact.com\/de\/?s={search_term_string}"},"query-input":{"@type":"PropertyValueSpecification","valueRequired":true,"valueName":"search_term_string"}}],"inLanguage":"de"},{"@type":"Organization","@id":"https:\/\/veact.com\/de\/#organization","name":"Veact","url":"https:\/\/veact.com\/de\/","logo":{"@type":"ImageObject","inLanguage":"de","@id":"https:\/\/veact.com\/de\/#\/schema\/logo\/image\/","url":"https:\/\/veact.com\/wp-content\/uploads\/2024\/06\/veact_logo_header_weiss_113x28.svg","contentUrl":"https:\/\/veact.com\/wp-content\/uploads\/2024\/06\/veact_logo_header_weiss_113x28.svg","width":113,"height":28,"caption":"Veact"},"image":{"@id":"https:\/\/veact.com\/de\/#\/schema\/logo\/image\/"},"sameAs":["https:\/\/de-de.facebook.com\/veact\/","https:\/\/de.linkedin.com\/company\/veact","https:\/\/www.xing.com\/pages\/veactgmbh","https:\/\/www.youtube.com\/channel\/UCeYCzasr_JZsH8z7l3kInPw"]}]}},"_links":{"self":[{"href":"https:\/\/veact.com\/de\/wp-json\/wp\/v2\/blog-magazine\/8261","targetHints":{"allow":["GET"]}}],"collection":[{"href":"https:\/\/veact.com\/de\/wp-json\/wp\/v2\/blog-magazine"}],"about":[{"href":"https:\/\/veact.com\/de\/wp-json\/wp\/v2\/types\/blog-magazine"}],"author":[{"embeddable":true,"href":"https:\/\/veact.com\/de\/wp-json\/wp\/v2\/users\/9"}],"version-history":[{"count":7,"href":"https:\/\/veact.com\/de\/wp-json\/wp\/v2\/blog-magazine\/8261\/revisions"}],"predecessor-version":[{"id":8558,"href":"https:\/\/veact.com\/de\/wp-json\/wp\/v2\/blog-magazine\/8261\/revisions\/8558"}],"wp:featuredmedia":[{"embeddable":true,"href":"https:\/\/veact.com\/de\/wp-json\/wp\/v2\/media\/8285"}],"wp:attachment":[{"href":"https:\/\/veact.com\/de\/wp-json\/wp\/v2\/media?parent=8261"}],"wp:term":[{"taxonomy":"blog-tag","embeddable":true,"href":"https:\/\/veact.com\/de\/wp-json\/wp\/v2\/blog-tag?post=8261"}],"curies":[{"name":"wp","href":"https:\/\/api.w.org\/{rel}","templated":true}]}}